{"id":879,"date":"2017-05-16T13:53:54","date_gmt":"2017-05-16T11:53:54","guid":{"rendered":"https:\/\/www.immobilimpresa.net\/blog\/?p=879"},"modified":"2022-11-17T08:55:14","modified_gmt":"2022-11-17T07:55:14","slug":"limmobiliare-commerciale-in-ripresa","status":"publish","type":"post","link":"https:\/\/www.immobilimpresa.net\/blog\/limmobiliare-commerciale-in-ripresa\/","title":{"rendered":"L&#8217;Immobiliare Commerciale in ripresa"},"content":{"rendered":"<p><a href=\"https:\/\/www.immobilimpresa.net\/blog\/wp-content\/uploads\/2017\/05\/immobiliare-rip.jpeg\"><img fetchpriority=\"high\" decoding=\"async\" class=\"alignnone size-medium wp-image-1570\" src=\"https:\/\/www.immobilimpresa.net\/blog\/wp-content\/uploads\/2017\/05\/immobiliare-rip-300x207.jpeg\" alt=\"\" width=\"300\" height=\"207\" srcset=\"https:\/\/www.immobilimpresa.net\/blog\/wp-content\/uploads\/2017\/05\/immobiliare-rip-300x207.jpeg 300w, https:\/\/www.immobilimpresa.net\/blog\/wp-content\/uploads\/2017\/05\/immobiliare-rip-768x531.jpeg 768w, https:\/\/www.immobilimpresa.net\/blog\/wp-content\/uploads\/2017\/05\/immobiliare-rip.jpeg 961w\" sizes=\"(max-width: 300px) 100vw, 300px\" \/><\/a><\/p>\n<p>L\u2019immobiliare commerciale \u00e8 tornato ai livelli del 2012, prima cio\u00e8 dello scoppio della crisi vera e propria. \u00c8 quanto emerge da uno studio di <strong>Msci<\/strong> presentato nei giorni scorsi a Milano.<\/p>\n<p>Dall\u2019analisi si scopre che il 2016 ha visto un ritorno nell\u2019ordine del 4,4%, come segnalato dall\u2019Italy Annual Property Index. Questo risultato \u00e8 il migliore degli ultimi <strong>cinque anni<\/strong>. La performance del 2016 \u00e8 stata trainata da un incremento dei redditi del 4,6%, mitigato da un leggero calo della crescita dei capitali, risultato da un calo degli affitti che ha toccato tutti i settori, escluso quello industriale.<\/p>\n<p>Tutto il comparto immobiliare ha registrato ritorni positivi, con un picco del 6,6% per l\u2019industriale, seguito dal retail con una crescita del 5,8%.<\/p>\n<p>Gli uffici a Milano hanno visto la maggiore crescita, con un +5,5%<\/p>\n","protected":false},"excerpt":{"rendered":"<p>L\u2019immobiliare commerciale \u00e8 tornato ai livelli del 2012, prima cio\u00e8 dello scoppio della crisi vera e propria. \u00c8 quanto emerge da uno studio di Msci presentato nei giorni scorsi a Milano. Dall\u2019analisi si scopre che il 2016 ha visto un ritorno nell\u2019ordine del 4,4%, come segnalato dall\u2019Italy Annual Property Index. Questo risultato \u00e8 il migliore [&hellip;]<\/p>\n","protected":false},"author":1,"featured_media":1569,"comment_status":"open","ping_status":"open","sticky":false,"template":"","format":"standard","meta":{"om_disable_all_campaigns":false,"ocean_post_layout":"","ocean_both_sidebars_style":"","ocean_both_sidebars_content_width":0,"ocean_both_sidebars_sidebars_width":0,"ocean_sidebar":"0","ocean_second_sidebar":"0","ocean_disable_margins":"enable","ocean_add_body_class":"","ocean_shortcode_before_top_bar":"","ocean_shortcode_after_top_bar":"","ocean_shortcode_before_header":"","ocean_shortcode_after_header":"","ocean_has_shortcode":"","ocean_shortcode_after_title":"","ocean_shortcode_before_footer_widgets":"","ocean_shortcode_after_footer_widgets":"","ocean_shortcode_before_footer_bottom":"","ocean_shortcode_after_footer_bottom":"","ocean_display_top_bar":"default","ocean_display_header":"default","ocean_header_style":"","ocean_center_header_left_menu":"0","ocean_custom_header_template":"0","ocean_custom_logo":0,"ocean_custom_retina_logo":0,"ocean_custom_logo_max_width":0,"ocean_custom_logo_tablet_max_width":0,"ocean_custom_logo_mobile_max_width":0,"ocean_custom_logo_max_height":0,"ocean_custom_logo_tablet_max_height":0,"ocean_custom_logo_mobile_max_height":0,"ocean_header_custom_menu":"0","ocean_menu_typo_font_family":"0","ocean_menu_typo_font_subset":"","ocean_menu_typo_font_size":0,"ocean_menu_typo_font_size_tablet":0,"ocean_menu_typo_font_size_mobile":0,"ocean_menu_typo_font_size_unit":"px","ocean_menu_typo_font_weight":"","ocean_menu_typo_font_weight_tablet":"","ocean_menu_typo_font_weight_mobile":"","ocean_menu_typo_transform":"","ocean_menu_typo_transform_tablet":"","ocean_menu_typo_transform_mobile":"","ocean_menu_typo_line_height":0,"ocean_menu_typo_line_height_tablet":0,"ocean_menu_typo_line_height_mobile":0,"ocean_menu_typo_line_height_unit":"","ocean_menu_typo_spacing":0,"ocean_menu_typo_spacing_tablet":0,"ocean_menu_typo_spacing_mobile":0,"ocean_menu_typo_spacing_unit":"","ocean_menu_link_color":"","ocean_menu_link_color_hover":"","ocean_menu_link_color_active":"","ocean_menu_link_background":"","ocean_menu_link_hover_background":"","ocean_menu_link_active_background":"","ocean_menu_social_links_bg":"","ocean_menu_social_hover_links_bg":"","ocean_menu_social_links_color":"","ocean_menu_social_hover_links_color":"","ocean_disable_title":"default","ocean_disable_heading":"default","ocean_post_title":"","ocean_post_subheading":"","ocean_post_title_style":"","ocean_post_title_background_color":"","ocean_post_title_background":0,"ocean_post_title_bg_image_position":"","ocean_post_title_bg_image_attachment":"","ocean_post_title_bg_image_repeat":"","ocean_post_title_bg_image_size":"","ocean_post_title_height":0,"ocean_post_title_bg_overlay":0.5,"ocean_post_title_bg_overlay_color":"","ocean_disable_breadcrumbs":"default","ocean_breadcrumbs_color":"","ocean_breadcrumbs_separator_color":"","ocean_breadcrumbs_links_color":"","ocean_breadcrumbs_links_hover_color":"","ocean_display_footer_widgets":"default","ocean_display_footer_bottom":"default","ocean_custom_footer_template":"0","ocean_post_oembed":"","ocean_post_self_hosted_media":"","ocean_post_video_embed":"","ocean_link_format":"","ocean_link_format_target":"self","ocean_quote_format":"","ocean_quote_format_link":"post","ocean_gallery_link_images":"off","ocean_gallery_id":[],"footnotes":""},"categories":[22,7],"tags":[],"class_list":["post-879","post","type-post","status-publish","format-standard","has-post-thumbnail","hentry","category-articoli","category-notizie","entry","has-media"],"aioseo_notices":[],"_links":{"self":[{"href":"https:\/\/www.immobilimpresa.net\/blog\/wp-json\/wp\/v2\/posts\/879","targetHints":{"allow":["GET"]}}],"collection":[{"href":"https:\/\/www.immobilimpresa.net\/blog\/wp-json\/wp\/v2\/posts"}],"about":[{"href":"https:\/\/www.immobilimpresa.net\/blog\/wp-json\/wp\/v2\/types\/post"}],"author":[{"embeddable":true,"href":"https:\/\/www.immobilimpresa.net\/blog\/wp-json\/wp\/v2\/users\/1"}],"replies":[{"embeddable":true,"href":"https:\/\/www.immobilimpresa.net\/blog\/wp-json\/wp\/v2\/comments?post=879"}],"version-history":[{"count":4,"href":"https:\/\/www.immobilimpresa.net\/blog\/wp-json\/wp\/v2\/posts\/879\/revisions"}],"predecessor-version":[{"id":884,"href":"https:\/\/www.immobilimpresa.net\/blog\/wp-json\/wp\/v2\/posts\/879\/revisions\/884"}],"wp:featuredmedia":[{"embeddable":true,"href":"https:\/\/www.immobilimpresa.net\/blog\/wp-json\/wp\/v2\/media\/1569"}],"wp:attachment":[{"href":"https:\/\/www.immobilimpresa.net\/blog\/wp-json\/wp\/v2\/media?parent=879"}],"wp:term":[{"taxonomy":"category","embeddable":true,"href":"https:\/\/www.immobilimpresa.net\/blog\/wp-json\/wp\/v2\/categories?post=879"},{"taxonomy":"post_tag","embeddable":true,"href":"https:\/\/www.immobilimpresa.net\/blog\/wp-json\/wp\/v2\/tags?post=879"}],"curies":[{"name":"wp","href":"https:\/\/api.w.org\/{rel}","templated":true}]}}