{"id":38,"date":"2014-05-22T14:13:01","date_gmt":"2014-05-22T12:13:01","guid":{"rendered":"https:\/\/www.immobilimpresa.net\/blog\/?p=38"},"modified":"2022-11-17T08:56:49","modified_gmt":"2022-11-17T07:56:49","slug":"la-camera-approva-il-decreto-casa","status":"publish","type":"post","link":"https:\/\/www.immobilimpresa.net\/blog\/la-camera-approva-il-decreto-casa\/","title":{"rendered":"La Camera approva il decreto Casa"},"content":{"rendered":"<div>\n<div style=\"width:50%; float:left;\">\n<img decoding=\"async\" class=\"alignnone  wp-image-39\" alt=\"camera deputati\" src=\"https:\/\/www.immobilimpresa.net\/blog\/wp-content\/uploads\/2014\/05\/camera-deputati.jpg\" width=\"234\" height=\"177\" \/>\n<\/div>\n<div style=\"width:50%; float:left;\">\nElenco degli elementi pi\u00f9 importanti, approvati in legge:<br \/>\n<br \/>\n<strong>Abusivi<\/strong>: confermata l&#8217;impossibilit\u00e0 per chi occupa abusivamente una casa di allacciare le utenze; in pi\u00f9 viene negata per 5 anni agli abusivi la possibilit\u00e0 di essere inseriti nelle liste per l\u2019assegnazione di case popolari.<br style=\"clear:both;\" \/>\n<\/div>\n<p><br style=\"clear:both;\" \/>\n<\/div>\n<p><!--more--><\/p>\n<p><strong>Imu case sfitte<\/strong>: chi risiede all\u2019estero e ha in Italia una o pi\u00f9 case sfitte non pagher\u00e0 Imu su una di queste perch\u00e9 verr\u00e0 considerata come prima casa; stessa cosa anche per gli anziani alloggiati presso case di cura, di riposo o ospedali.<br \/>\n<br \/>\n<strong>Expo<\/strong>: previste una serie di deroghe a favore dell\u2019Expo, da quelle al codice degli appalti alla possibilit\u00e0 di usare i proventi delle concessioni edilizie per effettuare la manutenzione del verde a Milano; destinati al comune 25 milioni di nuovi stanziamenti.<br \/>\n<br \/>\n<strong>Bonus mobili<\/strong>: previsto l\u2019utilizzo del bonus del 55% su mobili ed elettrodomestici senza tetto massimo e in modo slegato rispetto a lavori di ristrutturazione.<br \/>\n<br \/>\n<strong>Cedolare secca<\/strong>: l&#8217;imposta sugli affitti scende al 10% per locazioni a privati, (non ad aziende) a canone concordato e in un comune ad alta tensione abitativa o colpito da calamit\u00e0 naturali; inoltre \u00e8 prevista l&#8217;esenzione da imposte di registro e bollo, ma il proprietario dovr\u00e0 rinunciare agli aggiornamenti Istat del canone.<br \/>\n<br \/>\n<strong>Fondi per morosit\u00e0 incolpevole<\/strong>: lo stanziamento \u00e8 di 226 milioni di euro per il periodo 2014-2020, che si aggiungono ai 40 milioni stanziati col decreto Imu lo scorso agosto.<br \/>\n<br \/>\n<strong>Fondo affitto<\/strong>: la dotazione del fondo affitto cresce di 100 milioni di euro divisi su due anni (50 e 50); potranno accederrvi non pi\u00f9 solo le cooperative edilizie ma anche i soggetti che operano nel settore delle costruzioni; una quota del fondo, peraltro, sar\u00e0 destinata alle agenzie locali che assegnano alloggi a inquilini ex Iacp o sottoposti a procedure di sfratto e ai soggetti che hanno intermediato il maggior numero di contratti a canone concordato.<br \/>\n<br \/>\n<strong>Ex Iacp<\/strong>: stanziati 400 milioni di euro da destinare al recupero e all\u2019adeguamento energetico, impiantistico e statico di 12mila alloggi ex Iacp; altri 67,9 milioni vanno al recupero di altri 2300 alloggi da destinare alle categorie sociali disagiate; entro giugno il governo dovr\u00e0 definire le procedure per la vendita degli appartamenti.<br \/>\n<br \/>\n<strong>Contratti in nero<\/strong>: divieto di sfratto sino a fine 2015 per coloro che avevano ottenuto vantaggi sull&#8217;affitto denunciando il proprietario che non avesse registrato il contratto sulla base di una norma che era stata dichiarata incostituzionale.<br \/>\n<br \/>\n<strong>Detrazioni<\/strong>: chi vive in affitto in alloggi sociali adibiti ad abitazione principale avranno la possibilit\u00e0 di applicare una detrazione complessiva da 900 euro per redditi che non superano i 15.493 euro e di 450 euro per quanti dichiarano un reddito fino a 30.987 euro.<\/p>\n","protected":false},"excerpt":{"rendered":"<p>Elenco degli elementi pi\u00f9 importanti, approvati in legge: Abusivi: confermata l&#8217;impossibilit\u00e0 per chi occupa abusivamente una casa di allacciare le utenze; in pi\u00f9 viene negata per 5 anni agli abusivi la possibilit\u00e0 di essere inseriti nelle liste per l\u2019assegnazione di case popolari.<\/p>\n","protected":false},"author":1,"featured_media":0,"comment_status":"open","ping_status":"open","sticky":false,"template":"","format":"standard","meta":{"om_disable_all_campaigns":false,"ocean_post_layout":"","ocean_both_sidebars_style":"","ocean_both_sidebars_content_width":0,"ocean_both_sidebars_sidebars_width":0,"ocean_sidebar":"","ocean_second_sidebar":"","ocean_disable_margins":"enable","ocean_add_body_class":"","ocean_shortcode_before_top_bar":"","ocean_shortcode_after_top_bar":"","ocean_shortcode_before_header":"","ocean_shortcode_after_header":"","ocean_has_shortcode":"","ocean_shortcode_after_title":"","ocean_shortcode_before_footer_widgets":"","ocean_shortcode_after_footer_widgets":"","ocean_shortcode_before_footer_bottom":"","ocean_shortcode_after_footer_bottom":"","ocean_display_top_bar":"default","ocean_display_header":"default","ocean_header_style":"","ocean_center_header_left_menu":"","ocean_custom_header_template":"","ocean_custom_logo":0,"ocean_custom_retina_logo":0,"ocean_custom_logo_max_width":0,"ocean_custom_logo_tablet_max_width":0,"ocean_custom_logo_mobile_max_width":0,"ocean_custom_logo_max_height":0,"ocean_custom_logo_tablet_max_height":0,"ocean_custom_logo_mobile_max_height":0,"ocean_header_custom_menu":"","ocean_menu_typo_font_family":"","ocean_menu_typo_font_subset":"","ocean_menu_typo_font_size":0,"ocean_menu_typo_font_size_tablet":0,"ocean_menu_typo_font_size_mobile":0,"ocean_menu_typo_font_size_unit":"px","ocean_menu_typo_font_weight":"","ocean_menu_typo_font_weight_tablet":"","ocean_menu_typo_font_weight_mobile":"","ocean_menu_typo_transform":"","ocean_menu_typo_transform_tablet":"","ocean_menu_typo_transform_mobile":"","ocean_menu_typo_line_height":0,"ocean_menu_typo_line_height_tablet":0,"ocean_menu_typo_line_height_mobile":0,"ocean_menu_typo_line_height_unit":"","ocean_menu_typo_spacing":0,"ocean_menu_typo_spacing_tablet":0,"ocean_menu_typo_spacing_mobile":0,"ocean_menu_typo_spacing_unit":"","ocean_menu_link_color":"","ocean_menu_link_color_hover":"","ocean_menu_link_color_active":"","ocean_menu_link_background":"","ocean_menu_link_hover_background":"","ocean_menu_link_active_background":"","ocean_menu_social_links_bg":"","ocean_menu_social_hover_links_bg":"","ocean_menu_social_links_color":"","ocean_menu_social_hover_links_color":"","ocean_disable_title":"default","ocean_disable_heading":"default","ocean_post_title":"","ocean_post_subheading":"","ocean_post_title_style":"","ocean_post_title_background_color":"","ocean_post_title_background":0,"ocean_post_title_bg_image_position":"","ocean_post_title_bg_image_attachment":"","ocean_post_title_bg_image_repeat":"","ocean_post_title_bg_image_size":"","ocean_post_title_height":0,"ocean_post_title_bg_overlay":0.5,"ocean_post_title_bg_overlay_color":"","ocean_disable_breadcrumbs":"default","ocean_breadcrumbs_color":"","ocean_breadcrumbs_separator_color":"","ocean_breadcrumbs_links_color":"","ocean_breadcrumbs_links_hover_color":"","ocean_display_footer_widgets":"default","ocean_display_footer_bottom":"default","ocean_custom_footer_template":"","ocean_post_oembed":"","ocean_post_self_hosted_media":"","ocean_post_video_embed":"","ocean_link_format":"","ocean_link_format_target":"self","ocean_quote_format":"","ocean_quote_format_link":"post","ocean_gallery_link_images":"on","ocean_gallery_id":[],"footnotes":""},"categories":[22,7],"tags":[],"class_list":["post-38","post","type-post","status-publish","format-standard","hentry","category-articoli","category-notizie","entry"],"aioseo_notices":[],"_links":{"self":[{"href":"https:\/\/www.immobilimpresa.net\/blog\/wp-json\/wp\/v2\/posts\/38","targetHints":{"allow":["GET"]}}],"collection":[{"href":"https:\/\/www.immobilimpresa.net\/blog\/wp-json\/wp\/v2\/posts"}],"about":[{"href":"https:\/\/www.immobilimpresa.net\/blog\/wp-json\/wp\/v2\/types\/post"}],"author":[{"embeddable":true,"href":"https:\/\/www.immobilimpresa.net\/blog\/wp-json\/wp\/v2\/users\/1"}],"replies":[{"embeddable":true,"href":"https:\/\/www.immobilimpresa.net\/blog\/wp-json\/wp\/v2\/comments?post=38"}],"version-history":[{"count":1,"href":"https:\/\/www.immobilimpresa.net\/blog\/wp-json\/wp\/v2\/posts\/38\/revisions"}],"predecessor-version":[{"id":431,"href":"https:\/\/www.immobilimpresa.net\/blog\/wp-json\/wp\/v2\/posts\/38\/revisions\/431"}],"wp:attachment":[{"href":"https:\/\/www.immobilimpresa.net\/blog\/wp-json\/wp\/v2\/media?parent=38"}],"wp:term":[{"taxonomy":"category","embeddable":true,"href":"https:\/\/www.immobilimpresa.net\/blog\/wp-json\/wp\/v2\/categories?post=38"},{"taxonomy":"post_tag","embeddable":true,"href":"https:\/\/www.immobilimpresa.net\/blog\/wp-json\/wp\/v2\/tags?post=38"}],"curies":[{"name":"wp","href":"https:\/\/api.w.org\/{rel}","templated":true}]}}