{"id":1062,"date":"2025-05-03T09:34:06","date_gmt":"2025-05-03T07:34:06","guid":{"rendered":"https:\/\/www.immobilimpresa.net\/blog\/?p=1062"},"modified":"2025-05-26T12:27:15","modified_gmt":"2025-05-26T10:27:15","slug":"affitti-non-residenziali-la-cedolare-secca-come-soluzione","status":"publish","type":"post","link":"https:\/\/www.immobilimpresa.net\/blog\/affitti-non-residenziali-la-cedolare-secca-come-soluzione\/","title":{"rendered":"Affitti non residenziali: la cedolare secca come soluzione"},"content":{"rendered":"<p><a href=\"https:\/\/www.immobilimpresa.net\/blog\/wp-content\/uploads\/2017\/10\/investimenti-sicuri-e-redditizi.jpg\"><img fetchpriority=\"high\" decoding=\"async\" class=\"alignleft size-medium wp-image-1063\" src=\"https:\/\/www.immobilimpresa.net\/blog\/wp-content\/uploads\/2017\/10\/investimenti-sicuri-e-redditizi-300x265.jpg\" alt=\"\" width=\"300\" height=\"265\" \/><\/a>Il settore delle locazioni commerciali, nello specifico quelle di piccole dimensioni, per immobili ubicati nelle Citt\u00e0 di provincia, le periferie e i piccoli Comuni, sembra allo stremo e gli investitori si sono allontanati da tempo da questo tipo di investimento, come molte associazioni di categoria, anche io ritengo che il Governo non possa perdere l\u2019opportunit\u00e0 di inserire la norma all\u2019interno della Legge di stabilit\u00e0. Estendere la cedolare secca anche agli affitti non residenziali credo sia una scelta obbligata per ridare fiato al mercato dei locali commerciali e promuovere gli investimenti in questo settore.<br \/>\nLa Fiaip cita come esempio uno studio effettuato da Confedilizia che affermare che l\u2019introduzione della cedolare abbia realmente contribuito alla crescita del mercato delle locazioni. Un altro argomento \u00e8 la liberalizzazione delle durate dei contratti commerciali, oggi ancora vincolati ad un minimo di 6 anni \u00e8 un altro argomento caldo che pu\u00f2 aiutare a rilanciare gli investitori.<\/p>\n<p>Andrea Fantini<\/p>\n","protected":false},"excerpt":{"rendered":"<p>Il settore delle locazioni commerciali, nello specifico quelle di piccole dimensioni, per immobili ubicati nelle Citt\u00e0 di provincia, le periferie e i piccoli Comuni, sembra allo stremo e gli investitori si sono allontanati da tempo da questo tipo di investimento, come molte associazioni di categoria, anche io ritengo che il Governo non possa perdere l\u2019opportunit\u00e0 [&hellip;]<\/p>\n","protected":false},"author":1,"featured_media":1554,"comment_status":"open","ping_status":"open","sticky":false,"template":"","format":"standard","meta":{"om_disable_all_campaigns":false,"ocean_post_layout":"","ocean_both_sidebars_style":"","ocean_both_sidebars_content_width":0,"ocean_both_sidebars_sidebars_width":0,"ocean_sidebar":"0","ocean_second_sidebar":"0","ocean_disable_margins":"enable","ocean_add_body_class":"","ocean_shortcode_before_top_bar":"","ocean_shortcode_after_top_bar":"","ocean_shortcode_before_header":"","ocean_shortcode_after_header":"","ocean_has_shortcode":"","ocean_shortcode_after_title":"","ocean_shortcode_before_footer_widgets":"","ocean_shortcode_after_footer_widgets":"","ocean_shortcode_before_footer_bottom":"","ocean_shortcode_after_footer_bottom":"","ocean_display_top_bar":"default","ocean_display_header":"default","ocean_header_style":"","ocean_center_header_left_menu":"0","ocean_custom_header_template":"0","ocean_custom_logo":0,"ocean_custom_retina_logo":0,"ocean_custom_logo_max_width":0,"ocean_custom_logo_tablet_max_width":0,"ocean_custom_logo_mobile_max_width":0,"ocean_custom_logo_max_height":0,"ocean_custom_logo_tablet_max_height":0,"ocean_custom_logo_mobile_max_height":0,"ocean_header_custom_menu":"0","ocean_menu_typo_font_family":"0","ocean_menu_typo_font_subset":"","ocean_menu_typo_font_size":0,"ocean_menu_typo_font_size_tablet":0,"ocean_menu_typo_font_size_mobile":0,"ocean_menu_typo_font_size_unit":"px","ocean_menu_typo_font_weight":"","ocean_menu_typo_font_weight_tablet":"","ocean_menu_typo_font_weight_mobile":"","ocean_menu_typo_transform":"","ocean_menu_typo_transform_tablet":"","ocean_menu_typo_transform_mobile":"","ocean_menu_typo_line_height":0,"ocean_menu_typo_line_height_tablet":0,"ocean_menu_typo_line_height_mobile":0,"ocean_menu_typo_line_height_unit":"","ocean_menu_typo_spacing":0,"ocean_menu_typo_spacing_tablet":0,"ocean_menu_typo_spacing_mobile":0,"ocean_menu_typo_spacing_unit":"","ocean_menu_link_color":"","ocean_menu_link_color_hover":"","ocean_menu_link_color_active":"","ocean_menu_link_background":"","ocean_menu_link_hover_background":"","ocean_menu_link_active_background":"","ocean_menu_social_links_bg":"","ocean_menu_social_hover_links_bg":"","ocean_menu_social_links_color":"","ocean_menu_social_hover_links_color":"","ocean_disable_title":"default","ocean_disable_heading":"default","ocean_post_title":"","ocean_post_subheading":"","ocean_post_title_style":"","ocean_post_title_background_color":"","ocean_post_title_background":0,"ocean_post_title_bg_image_position":"","ocean_post_title_bg_image_attachment":"","ocean_post_title_bg_image_repeat":"","ocean_post_title_bg_image_size":"","ocean_post_title_height":0,"ocean_post_title_bg_overlay":0.5,"ocean_post_title_bg_overlay_color":"","ocean_disable_breadcrumbs":"default","ocean_breadcrumbs_color":"","ocean_breadcrumbs_separator_color":"","ocean_breadcrumbs_links_color":"","ocean_breadcrumbs_links_hover_color":"","ocean_display_footer_widgets":"default","ocean_display_footer_bottom":"default","ocean_custom_footer_template":"0","ocean_post_oembed":"","ocean_post_self_hosted_media":"","ocean_post_video_embed":"","ocean_link_format":"","ocean_link_format_target":"self","ocean_quote_format":"","ocean_quote_format_link":"post","ocean_gallery_link_images":"off","ocean_gallery_id":[],"footnotes":""},"categories":[22,7],"tags":[],"class_list":["post-1062","post","type-post","status-publish","format-standard","has-post-thumbnail","hentry","category-articoli","category-notizie","entry","has-media"],"aioseo_notices":[],"_links":{"self":[{"href":"https:\/\/www.immobilimpresa.net\/blog\/wp-json\/wp\/v2\/posts\/1062","targetHints":{"allow":["GET"]}}],"collection":[{"href":"https:\/\/www.immobilimpresa.net\/blog\/wp-json\/wp\/v2\/posts"}],"about":[{"href":"https:\/\/www.immobilimpresa.net\/blog\/wp-json\/wp\/v2\/types\/post"}],"author":[{"embeddable":true,"href":"https:\/\/www.immobilimpresa.net\/blog\/wp-json\/wp\/v2\/users\/1"}],"replies":[{"embeddable":true,"href":"https:\/\/www.immobilimpresa.net\/blog\/wp-json\/wp\/v2\/comments?post=1062"}],"version-history":[{"count":7,"href":"https:\/\/www.immobilimpresa.net\/blog\/wp-json\/wp\/v2\/posts\/1062\/revisions"}],"predecessor-version":[{"id":1262,"href":"https:\/\/www.immobilimpresa.net\/blog\/wp-json\/wp\/v2\/posts\/1062\/revisions\/1262"}],"wp:featuredmedia":[{"embeddable":true,"href":"https:\/\/www.immobilimpresa.net\/blog\/wp-json\/wp\/v2\/media\/1554"}],"wp:attachment":[{"href":"https:\/\/www.immobilimpresa.net\/blog\/wp-json\/wp\/v2\/media?parent=1062"}],"wp:term":[{"taxonomy":"category","embeddable":true,"href":"https:\/\/www.immobilimpresa.net\/blog\/wp-json\/wp\/v2\/categories?post=1062"},{"taxonomy":"post_tag","embeddable":true,"href":"https:\/\/www.immobilimpresa.net\/blog\/wp-json\/wp\/v2\/tags?post=1062"}],"curies":[{"name":"wp","href":"https:\/\/api.w.org\/{rel}","templated":true}]}}